{"id":64,"date":"2021-06-23T15:19:31","date_gmt":"2021-06-23T13:19:31","guid":{"rendered":"https:\/\/blog-trotteur.org\/site\/?p=64"},"modified":"2021-06-23T15:27:23","modified_gmt":"2021-06-23T13:27:23","slug":"plateau-radio-en-direct-des-portes-ouvertes-du-saj-a-arras","status":"publish","type":"post","link":"https:\/\/blog-trotteur.org\/site\/plateau-radio-en-direct-des-portes-ouvertes-du-saj-a-arras\/","title":{"rendered":"Plateau Radio en direct des portes ouvertes du SAJ \u00e0 Arras"},"content":{"rendered":"\n<p>Mercredi 23 juin 2021, le SAJ (Service d&rsquo;accueil de jour) situ\u00e9 dans l\u2019\u00e9tablissement Public D\u00e9partemental de l&rsquo;Enfance et de la Famille (EPDEF) \u00e0 Arras ouvrait ses portes pour faire d\u00e9couvrir \u00e0 toutes et \u00e0 tous les ateliers auxquels ont particip\u00e9s les jeunes pendant l&rsquo;ann\u00e9e. <\/p>\n\n\n\n<p>Avec un accueil chaleureux et une grande diversit\u00e9 d&rsquo;ateliers, toute l&rsquo;\u00e9quipe du SAJ, les jeunes,  ainsi que les intervenants et intervenantes ont anim\u00e9 une journ\u00e9e conviviale et passionnante ! <\/p>\n\n\n\n<p>Au programme de cette \u00e9mission: <\/p>\n\n\n\n<ul class=\"wp-block-list\"><li>La d\u00e9couverte du SAJ avec une interview de la responsable du service, Ourida Ladjici,  r\u00e9alis\u00e9e par Kenny.<\/li><li>Ensuite, Sandra, qui est sophrologue, a r\u00e9pondu aux questions de Erwan pour nous raconter son m\u00e9tier.<\/li><li>Au micro de Rebecca, Axelle, \u00e9ducatrice au SAJ, qui racontait l&rsquo;atelier bien-\u00eatre qu&rsquo;elle r\u00e9alise avec les jeunes tout au long de l&rsquo;ann\u00e9e.<\/li><li>Des musiques compos\u00e9es dans le cadre des ateliers musique avec Beno\u00eet, dont l&rsquo;une est interpr\u00e9t\u00e9e avec rythme et justesse par Melinda<\/li><li>Qui nous a fait le plaisir de nous expliquer comment les chansons ont \u00e9t\u00e9 \u00e9crites collectivement au cours de ces ateliers.<\/li><li>Ensuite Erwan a donn\u00e9 la parole \u00e0 Valentin, de la coop\u00e9rative de service d&rsquo;informatique libre Cliss XXI.<\/li><li>Et finalement, l&rsquo;\u00e9mission se termine par la diffusion d&rsquo;un micro-trottoir r\u00e9alis\u00e9 sur la place des h\u00e9ros \u00e0 Arras par Axel, L\u00e9o, Noah et Gah\u00e9tan.  <\/li><\/ul>\n\n\n\n<p>Tout ceci, accompagn\u00e9 de musique libre, avec Miles Oliver et son album Under the trees.<\/p>\n\n\n\n<p><\/p>\n\n\n\n<p><strong>Pour \u00e9couter et t\u00e9l\u00e9charger l&rsquo;\u00e9mission : <\/strong><\/p>\n\n\n\n<figure class=\"wp-block-audio\"><audio controls src=\"https:\/\/blog-trotteur.org\/site\/wp-content\/uploads\/2021\/06\/PlateauRadioSAJ-23-06-21.mp3\"><\/audio><\/figure>\n","protected":false},"excerpt":{"rendered":"<p>Mercredi 23 juin 2021, le SAJ (Service d&rsquo;accueil de jour) situ\u00e9 dans l\u2019\u00e9tablissement Public D\u00e9partemental de l&rsquo;Enfance et de la&hellip;<\/p>\n","protected":false},"author":4,"featured_media":67,"comment_status":"closed","ping_status":"open","sticky":false,"template":"","format":"standard","meta":{"footnotes":""},"categories":[1],"tags":[],"class_list":["post-64","post","type-post","status-publish","format-standard","has-post-thumbnail","hentry","category-uncategorized"],"_links":{"self":[{"href":"https:\/\/blog-trotteur.org\/site\/wp-json\/wp\/v2\/posts\/64","targetHints":{"allow":["GET"]}}],"collection":[{"href":"https:\/\/blog-trotteur.org\/site\/wp-json\/wp\/v2\/posts"}],"about":[{"href":"https:\/\/blog-trotteur.org\/site\/wp-json\/wp\/v2\/types\/post"}],"author":[{"embeddable":true,"href":"https:\/\/blog-trotteur.org\/site\/wp-json\/wp\/v2\/users\/4"}],"replies":[{"embeddable":true,"href":"https:\/\/blog-trotteur.org\/site\/wp-json\/wp\/v2\/comments?post=64"}],"version-history":[{"count":5,"href":"https:\/\/blog-trotteur.org\/site\/wp-json\/wp\/v2\/posts\/64\/revisions"}],"predecessor-version":[{"id":76,"href":"https:\/\/blog-trotteur.org\/site\/wp-json\/wp\/v2\/posts\/64\/revisions\/76"}],"wp:featuredmedia":[{"embeddable":true,"href":"https:\/\/blog-trotteur.org\/site\/wp-json\/wp\/v2\/media\/67"}],"wp:attachment":[{"href":"https:\/\/blog-trotteur.org\/site\/wp-json\/wp\/v2\/media?parent=64"}],"wp:term":[{"taxonomy":"category","embeddable":true,"href":"https:\/\/blog-trotteur.org\/site\/wp-json\/wp\/v2\/categories?post=64"},{"taxonomy":"post_tag","embeddable":true,"href":"https:\/\/blog-trotteur.org\/site\/wp-json\/wp\/v2\/tags?post=64"}],"curies":[{"name":"wp","href":"https:\/\/api.w.org\/{rel}","templated":true}]}}